{"id":252,"date":"2024-01-31T12:37:11","date_gmt":"2024-01-31T11:37:11","guid":{"rendered":"https:\/\/www.dehaanmovers.com\/blog\/?p=252"},"modified":"2024-06-13T15:41:53","modified_gmt":"2024-06-13T13:41:53","slug":"dias-libres-por-mudanza","status":"publish","type":"post","link":"https:\/\/www.dehaanmovers.com\/blog\/dias-libres-por-mudanza\/","title":{"rendered":"D\u00edas libres por mudanza. Permiso laboral"},"content":{"rendered":"<p><span style=\"font-weight: 400;\">Realizar una mudanza no es algo habitual en el d\u00eda a d\u00eda de las personas, por ello es probable que si tienes pensado llevar a cabo una, te est\u00e9s preguntando <\/span><b>cu\u00e1ntos d\u00edas libres te corresponden por mudanza<\/b><span style=\"font-weight: 400;\"> en el trabajo.<\/span><\/p>\n<p><span style=\"font-weight: 400;\">En la mayor\u00eda de casos, las mudanzas suelen coincidir con d\u00edas u horarios laborales, por tanto, gracias a nuestra amplia experiencia como <\/span><a style=\"color: #008ed6;\" href=\"https:\/\/www.dehaanmovers.com\/\"><b>empresa de mudanzas internacionales en Madrid<\/b><\/a><span style=\"font-weight: 400;\">, te ofrecemos toda la informaci\u00f3n necesaria acerca de los <\/span><b>permisos laborales y c\u00f3mo pedir los d\u00edas libres<\/b><span style=\"font-weight: 400;\"> por mudanza.\u00a0<\/span><\/p>\n<h2><span style=\"font-weight: 400;\">\u00bfCu\u00e1ntos d\u00edas corresponden por mudanza?<\/span><\/h2>\n<p><span style=\"font-weight: 400;\">El n\u00famero de d\u00edas por mudanza que le corresponde a un trabajador va a <\/span><b>variar seg\u00fan los convenios colectivos<\/b><span style=\"font-weight: 400;\"> o las comunidades aut\u00f3nomas. El permiso por mudanza se contempla en el <\/span><a style=\"color: #008ed6;\" href=\"https:\/\/www.boe.es\/buscar\/act.php?id=BOE-A-2015-11430#:~:text=3.%20La%20persona%20trabajadora%2C%20previo%20aviso%20y%20justificaci%C3%B3n%2C%20podr%C3%A1%20ausentarse%20del%20trabajo%2C%20con%20derecho%20a%20remuneraci%C3%B3n%2C%20por%20alguno%20de%20los%20motivos%20y%20por%20el%20tiempo%20siguiente%3A\" target=\"_blank\" rel=\"nofollow noopener\"><span style=\"font-weight: 400;\">art\u00edculo 37.3 del Estatuto de los Trabajadores<\/span><\/a><span style=\"font-weight: 400;\">, que indica, por norma general, que<\/span><b> al trabajador le corresponde un d\u00eda libre de trabajo remunerado por traslado de domicilio.<\/b><\/p>\n<p><span style=\"font-weight: 400;\">Sin embargo, independientemente de lo que ponga en el Art\u00edculo 37.3, es recomendable revisar el convenio colectivo al que perteneces, pues <\/span><b>en algunos casos permiten la posibilidad de disfrutar de m\u00e1s d\u00edas libres por mudanza<\/b><span style=\"font-weight: 400;\"> teniendo en cuenta si el traslado es dentro de la misma ciudad o fuera.<\/span><\/p>\n<p><span style=\"font-weight: 400;\">Por ejemplo, en el caso del convenio colectivo de Oficinas y Despachos en Madrid, establece que el trabajador pueda ausentarse 2 d\u00edas consecutivos para realizar la mudanza de su domicilio habitual, sin tener en cuenta en ning\u00fan momento la cantidad de km a desplazarse, ya sea hacer una <\/span><b>mudanza local<\/b><span style=\"font-weight: 400;\"> tan sencilla como trasladarse a dos calles de la antigua residencia o cualquier <\/span><a style=\"color: #008ed6;\" href=\"https:\/\/www.dehaanmovers.com\/mudanzas.html\"><b>tipo de mudanza<\/b><\/a><span style=\"font-weight: 400;\">.<\/span><\/p>\n<p><span style=\"font-weight: 400;\">Es por ello que es importante no ce\u00f1irse s\u00f3lo al Estatuto de los Trabajadores, sino que tambi\u00e9n <\/span><b>investigues el convenio colectivo al que se acoge la empresa<\/b><span style=\"font-weight: 400;\"> para la que trabajas.<\/span><\/p>\n<blockquote><p>En De Haan Movers ofrecemos un servicio profesional de <strong><a style=\"color: #008ed6;\" href=\"https:\/\/www.dehaanmovers.com\/guardamuebles-madrid.html\">Guardamuebles en Madrid<\/a><\/strong> dise\u00f1ado para garantizar la m\u00e1xima protecci\u00f3n y seguridad.<\/p><\/blockquote>\n<h2><span style=\"font-weight: 400;\">Documentos y requisitos para solicitar el permiso de mudanza<\/span><\/h2>\n<p><span style=\"font-weight: 400;\">Para solicitar los d\u00edas libres por mudanza es fundamental definir bien el concepto de domicilio, pues no servir\u00e1 si nos trasladamos a una vivienda vacacional o temporal, debe ser algo permanente.<\/span><\/p>\n<p><span style=\"font-weight: 400;\">En la mayor\u00eda de los casos, sobre todo en PYMES, <\/span><b>las empresas no suelen exigir ning\u00fan documento<\/b><span style=\"font-weight: 400;\"> acreditativo, simplemente basta con acuerdo verbal con la direcci\u00f3n. No obstante, <\/span><b>en el caso de que s\u00ed lo pidieran, se debe realizar una solicitud<\/b><span style=\"font-weight: 400;\"> para obtener el permiso retribuido por mudanza, como un volante de cambio de padr\u00f3n u otro documento que muestre el cambio de direcci\u00f3n de la residencia habitual.<\/span><\/p>\n<p><b>La solicitud para el permiso debe incluir<\/b><span style=\"font-weight: 400;\"> en todos los casos una serie de datos:<\/span><\/p>\n<ul>\n<li style=\"font-weight: 400;\" aria-level=\"1\"><span style=\"font-weight: 400;\"><strong>Datos<\/strong> de la empresa y del solicitante.<\/span><\/li>\n<li style=\"font-weight: 400;\" aria-level=\"1\"><span style=\"font-weight: 400;\"><strong>Motivo<\/strong>, en este caso, traslado de domicilio habitual.<\/span><\/li>\n<li style=\"font-weight: 400;\" aria-level=\"1\"><span style=\"font-weight: 400;\"><strong>Fecha<\/strong> para la que se solicitan los d\u00edas por mudanza.<\/span><\/li>\n<li style=\"font-weight: 400;\" aria-level=\"1\"><span style=\"font-weight: 400;\"><strong>Sello y firma<\/strong> de la empresa y del solicitante.<\/span><\/li>\n<\/ul>\n<h2><span style=\"font-weight: 400;\">\u00bfC\u00f3mo justificar los d\u00edas por mudanza?<\/span><\/h2>\n<p><span style=\"font-weight: 400;\">Una vez organizada la mudanza, sabiendo los d\u00edas que vamos a emplear para llevarla a cabo, es preciso <\/span><b>avisar con la m\u00e1xima antelaci\u00f3n a la empresa<\/b><span style=\"font-weight: 400;\">, m\u00ednimo 2 semanas antes. Adem\u00e1s de ello, debemos cumplir una serie de requisitos:<\/span><\/p>\n<ul>\n<li style=\"font-weight: 400;\" aria-level=\"1\"><b>La mudanza debe ser entre domicilios<\/b><span style=\"font-weight: 400;\">, entendiendo la vivienda nueva como residencia permanente para el trabajador.<\/span><\/li>\n<li style=\"font-weight: 400;\" aria-level=\"1\"><b>La empresa puede solicitar un justificante<\/b><span style=\"font-weight: 400;\"> de que se va a realizar la mudanza, como un contrato de alquiler o compra-venta, o incluso un recibo de la empresa de mudanzas.<\/span><\/li>\n<\/ul>\n<h3><span style=\"font-weight: 400;\">Mudanza sin traslado de muebles<\/span><\/h3>\n<p><span style=\"font-weight: 400;\">En casos de llevar a cabo una mudanza sin traslado de muebles, la duda de si se considera una mudanza o no aparece. La respuesta es <\/span><b>s\u00ed, se considera una mudanza por lo que el trabajador tambi\u00e9n tendr\u00e1 derecho a d\u00edas libres por mudanza<\/b><span style=\"font-weight: 400;\"> en cualquier caso. Se entiende que, aunque no exista ese traslado, se necesita tiempo para gestionar la documentaci\u00f3n y tr\u00e1mites a realizar.<\/span><\/p>\n<p><span style=\"font-weight: 400;\">No lo dejes para el final y empieza a organizar tu mudanza. <\/span><b>Desde De Haan Movers estaremos encantados de ayudarte<\/b><span style=\"font-weight: 400;\"> con el proceso, pues seamos sinceros, en 1 o 2 d\u00edas es complicado gestionarlo s\u00f3lo tan f\u00e1cil.<\/span><\/p>\n","protected":false},"excerpt":{"rendered":"<p>Realizar una mudanza no es algo habitual en el d\u00eda a d\u00eda de las personas, por ello es probable que si tienes pensado llevar a cabo una, te est\u00e9s preguntando cu\u00e1ntos d\u00edas libres te corresponden por mudanza en el trabajo. En la mayor\u00eda de casos, las mudanzas suelen coincidir con d\u00edas u horarios laborales, por &hellip;<\/p>\n<p class=\"read-more\"> <a class=\"\" href=\"https:\/\/www.dehaanmovers.com\/blog\/dias-libres-por-mudanza\/\"> <span class=\"screen-reader-text\">D\u00edas libres por mudanza. Permiso laboral<\/span> Leer m\u00e1s &raquo;<\/a><\/p>\n","protected":false},"author":1,"featured_media":253,"comment_status":"closed","ping_status":"closed","sticky":false,"template":"","format":"standard","meta":{"site-sidebar-layout":"default","site-content-layout":"default","ast-global-header-display":"","ast-main-header-display":"","ast-hfb-above-header-display":"","ast-hfb-below-header-display":"","ast-hfb-mobile-header-display":"","site-post-title":"","ast-breadcrumbs-content":"","ast-featured-img":"","footer-sml-layout":"","theme-transparent-header-meta":"default","adv-header-id-meta":"","stick-header-meta":"","header-above-stick-meta":"","header-main-stick-meta":"","header-below-stick-meta":"","footnotes":""},"categories":[1],"tags":[],"class_list":["post-252","post","type-post","status-publish","format-standard","has-post-thumbnail","hentry","category-informacion"],"_links":{"self":[{"href":"https:\/\/www.dehaanmovers.com\/blog\/wp-json\/wp\/v2\/posts\/252","targetHints":{"allow":["GET"]}}],"collection":[{"href":"https:\/\/www.dehaanmovers.com\/blog\/wp-json\/wp\/v2\/posts"}],"about":[{"href":"https:\/\/www.dehaanmovers.com\/blog\/wp-json\/wp\/v2\/types\/post"}],"author":[{"embeddable":true,"href":"https:\/\/www.dehaanmovers.com\/blog\/wp-json\/wp\/v2\/users\/1"}],"replies":[{"embeddable":true,"href":"https:\/\/www.dehaanmovers.com\/blog\/wp-json\/wp\/v2\/comments?post=252"}],"version-history":[{"count":7,"href":"https:\/\/www.dehaanmovers.com\/blog\/wp-json\/wp\/v2\/posts\/252\/revisions"}],"predecessor-version":[{"id":285,"href":"https:\/\/www.dehaanmovers.com\/blog\/wp-json\/wp\/v2\/posts\/252\/revisions\/285"}],"wp:featuredmedia":[{"embeddable":true,"href":"https:\/\/www.dehaanmovers.com\/blog\/wp-json\/wp\/v2\/media\/253"}],"wp:attachment":[{"href":"https:\/\/www.dehaanmovers.com\/blog\/wp-json\/wp\/v2\/media?parent=252"}],"wp:term":[{"taxonomy":"category","embeddable":true,"href":"https:\/\/www.dehaanmovers.com\/blog\/wp-json\/wp\/v2\/categories?post=252"},{"taxonomy":"post_tag","embeddable":true,"href":"https:\/\/www.dehaanmovers.com\/blog\/wp-json\/wp\/v2\/tags?post=252"}],"curies":[{"name":"wp","href":"https:\/\/api.w.org\/{rel}","templated":true}]}}